{"id":164,"date":"2021-03-03T11:19:22","date_gmt":"2021-03-03T10:19:22","guid":{"rendered":"http:\/\/saracabello.fr\/?p=164"},"modified":"2021-03-03T11:19:22","modified_gmt":"2021-03-03T10:19:22","slug":"un-sens-pour-la-vie","status":"publish","type":"post","link":"https:\/\/saracabello.fr\/?p=164","title":{"rendered":"Un sens pour la vie"},"content":{"rendered":"\n<div class=\"wp-block-media-text alignwide has-media-on-the-right is-stacked-on-mobile\" style=\"grid-template-columns:auto 25%\"><figure class=\"wp-block-media-text__media\"><img data-recalc-dims=\"1\" loading=\"lazy\" decoding=\"async\" width=\"768\" height=\"1024\" src=\"https:\/\/i0.wp.com\/saracabello.fr\/wp-content\/uploads\/2021\/03\/photo-arbre.jpg?resize=768%2C1024&#038;ssl=1\" alt=\"\" class=\"wp-image-165\" srcset=\"https:\/\/i0.wp.com\/saracabello.fr\/wp-content\/uploads\/2021\/03\/photo-arbre-scaled.jpg?resize=768%2C1024&amp;ssl=1 768w, https:\/\/i0.wp.com\/saracabello.fr\/wp-content\/uploads\/2021\/03\/photo-arbre-scaled.jpg?resize=225%2C300&amp;ssl=1 225w, https:\/\/i0.wp.com\/saracabello.fr\/wp-content\/uploads\/2021\/03\/photo-arbre-scaled.jpg?resize=1152%2C1536&amp;ssl=1 1152w, https:\/\/i0.wp.com\/saracabello.fr\/wp-content\/uploads\/2021\/03\/photo-arbre-scaled.jpg?resize=1536%2C2048&amp;ssl=1 1536w, https:\/\/i0.wp.com\/saracabello.fr\/wp-content\/uploads\/2021\/03\/photo-arbre-scaled.jpg?resize=830%2C1107&amp;ssl=1 830w, https:\/\/i0.wp.com\/saracabello.fr\/wp-content\/uploads\/2021\/03\/photo-arbre-scaled.jpg?resize=230%2C307&amp;ssl=1 230w, https:\/\/i0.wp.com\/saracabello.fr\/wp-content\/uploads\/2021\/03\/photo-arbre-scaled.jpg?resize=350%2C467&amp;ssl=1 350w, https:\/\/i0.wp.com\/saracabello.fr\/wp-content\/uploads\/2021\/03\/photo-arbre-scaled.jpg?resize=480%2C640&amp;ssl=1 480w, https:\/\/i0.wp.com\/saracabello.fr\/wp-content\/uploads\/2021\/03\/photo-arbre-scaled.jpg?w=1920&amp;ssl=1 1920w\" sizes=\"(max-width: 768px) 100vw, 768px\" \/><\/figure><div class=\"wp-block-media-text__content\">\n<p style=\"font-size:27px\">Comment faire ? <\/p>\n\n\n\n<p class=\"has-text-align-justify\">Voici une question qui m\u00e9rite r\u00e9flexion et que je me suis moi m\u00eame pos\u00e9e \u00e0 plusieurs reprises dans ma vie. Par cet article, je vous invite \u00e0 amorcer ou approfondir votre questionnement. <\/p>\n\n\n\n<p class=\"has-text-align-justify\">Rechercher un sens ou donner un sens de fa\u00e7on durable et permanente, est-ce pertinent puisque la vie est toujours en mouvement ? Comment trouver une forme de stabilit\u00e9 ? Parce que si vous revenez au titre, j&rsquo;ai bien \u00e9crit, un sens pour la vie. Est-ce donner une direction ? Est-ce que c&rsquo;est plus de l&rsquo;ordre de nos valeurs, de nos comportements  ? Est-ce un sens diff\u00e9rents suivant les domaines personnels (couple, relation, famille, etc) ou professionnels (carri\u00e8re, affaire) ? Nos parents se posaient-ils cette question du sens ? Pourquoi se questionner, dirons certains. Vivons notre vie et puis c&rsquo;est tout. <\/p>\n<\/div><\/div>\n\n\n\n<p>Aujourd&rsquo;hui la question du sens est tr\u00e8s pr\u00e9sente dans nos m\u00e9dias, les magasines et les articles de d\u00e9veloppement personnel. Pour la plupart de nos jeunes, cette question ne se pose m\u00eame pas tellement elle fait partie d&rsquo;une \u00e9vidence. Et les personnes hypersensibles sont celles qui sont le plus \u00e0 l&rsquo;\u00e9coute. Souvent inond\u00e9es par leurs pens\u00e9es, elle cherchent des r\u00e9ponses \u00e0 leurs ressentis, \u00e0 leurs \u00e9motions.<\/p>\n\n\n\n<p>Deux types de questionnement s&rsquo;offrent \u00e0 nous : la question du pourquoi et la question du comment. La question pourquoi nous invite \u00e0 creuser les raisons. La question du comment nous invite \u00e0 l&rsquo;action.<\/p>\n\n\n\n<p>Pourquoi trouver un sens \u00e0 notre vie ? Ce sens peut-il \u00eatre immuable, constant ? Donner un sens pour soutenir une stabilit\u00e9 \u00e9motionnelle, obtenir de la tranquillit\u00e9, ou encore motiver nos comportements ?<\/p>\n\n\n\n<p>Comment faire alors ? Se fier au sens que veut nous donner la soci\u00e9t\u00e9, nos amis, notre famille ? Comment aller vers notre but ? Comment trouver le sens de notre route ?<\/p>\n\n\n\n<p>La r\u00e9ponse se trouve au fond de chacun de nous. Nous sommes uniques et nous questionner en solo a du sens. D\u00e9j\u00e0 parce que cela nous questionnera sur comment nous menons notre vie, qu&rsquo;est-ce que nous voulons faire et vers quoi nous voulons aller. <\/p>\n\n\n\n<p>Pour ma part, j&rsquo;ai reli\u00e9 le sens pour ma vie \u00e0 mes valeurs, l&rsquo;int\u00e9grit\u00e9 (envers moi-m\u00eame), l\u2019honn\u00eatet\u00e9 (envers moi-m\u00eame), la volont\u00e9 et le courage d&rsquo;aller de l&rsquo;avant. A cela j&rsquo;ajoute de la gentillesse et de l&rsquo;Amour.  <\/p>\n\n\n\n<p>Qu&rsquo;en pensez-vous ?<\/p>\n","protected":false},"excerpt":{"rendered":"<p>Comment faire ? Voici une question qui m\u00e9rite r\u00e9flexion et que je me suis moi m\u00eame pos\u00e9e \u00e0 plusieurs reprises dans ma [&hellip;]<\/p>\n","protected":false},"author":1,"featured_media":0,"comment_status":"open","ping_status":"open","sticky":false,"template":"","format":"standard","meta":{"jetpack_post_was_ever_published":false,"_jetpack_newsletter_access":"","_jetpack_dont_email_post_to_subs":false,"_jetpack_newsletter_tier_id":0,"_jetpack_memberships_contains_paywalled_content":false,"_jetpack_memberships_contains_paid_content":false,"footnotes":"","jetpack_publicize_message":"","jetpack_publicize_feature_enabled":true,"jetpack_social_post_already_shared":true,"jetpack_social_options":{"image_generator_settings":{"template":"highway","enabled":false},"version":2}},"categories":[5],"tags":[],"class_list":["post-164","post","type-post","status-publish","format-standard","hentry","category-developpement-personnel"],"jetpack_publicize_connections":[],"jetpack_featured_media_url":"","jetpack_sharing_enabled":true,"jetpack_likes_enabled":true,"jetpack-related-posts":[],"_links":{"self":[{"href":"https:\/\/saracabello.fr\/index.php?rest_route=\/wp\/v2\/posts\/164"}],"collection":[{"href":"https:\/\/saracabello.fr\/index.php?rest_route=\/wp\/v2\/posts"}],"about":[{"href":"https:\/\/saracabello.fr\/index.php?rest_route=\/wp\/v2\/types\/post"}],"author":[{"embeddable":true,"href":"https:\/\/saracabello.fr\/index.php?rest_route=\/wp\/v2\/users\/1"}],"replies":[{"embeddable":true,"href":"https:\/\/saracabello.fr\/index.php?rest_route=%2Fwp%2Fv2%2Fcomments&post=164"}],"version-history":[{"count":9,"href":"https:\/\/saracabello.fr\/index.php?rest_route=\/wp\/v2\/posts\/164\/revisions"}],"predecessor-version":[{"id":183,"href":"https:\/\/saracabello.fr\/index.php?rest_route=\/wp\/v2\/posts\/164\/revisions\/183"}],"wp:attachment":[{"href":"https:\/\/saracabello.fr\/index.php?rest_route=%2Fwp%2Fv2%2Fmedia&parent=164"}],"wp:term":[{"taxonomy":"category","embeddable":true,"href":"https:\/\/saracabello.fr\/index.php?rest_route=%2Fwp%2Fv2%2Fcategories&post=164"},{"taxonomy":"post_tag","embeddable":true,"href":"https:\/\/saracabello.fr\/index.php?rest_route=%2Fwp%2Fv2%2Ftags&post=164"}],"curies":[{"name":"wp","href":"https:\/\/api.w.org\/{rel}","templated":true}]}}